{"id":7771,"date":"2026-08-23T19:31:50","date_gmt":"2026-08-23T19:31:50","guid":{"rendered":"https:\/\/geckoworking.fr\/?p=7771"},"modified":"2026-08-23T19:39:43","modified_gmt":"2026-08-23T19:39:43","slug":"fete-des-meres","status":"publish","type":"post","link":"https:\/\/www.hameaualbert.fr\/fr\/fete-des-meres\/","title":{"rendered":"F\u00eate des m\u00e8res au restaurant Albert 1er"},"content":{"rendered":"\n<p class=\"has-text-align-center wp-block-paragraph\">\u00c0 l\u2019occasion de la f\u00eate des m\u00e8res, le<strong>\u00a0<a href=\"https:\/\/www.hameaualbert.fr\/fr\/restaurant\">restaurant gastronomique \u00e9toil\u00e9 Albert 1er<\/a><\/strong>, au c\u0153ur du Hameau Albert 1er \u2013 Relais &amp; Ch\u00e2teaux \u00e0 Chamonix, ouvre exceptionnellement ses portes pour le d\u00e9jeuner, le Dimanche 25 mai.<\/p>\n\n\n\n<figure class=\"wp-block-image size-large\"><img fetchpriority=\"high\" decoding=\"async\" width=\"2000\" height=\"981\" src=\"https:\/\/www.hameaualbert.fr\/wp-content\/uploads\/2026\/08\/hameau-albert-1er-juin-2023-salle-gastro-@M-Cellard-7-2000x981.jpg\" alt=\"\" class=\"wp-image-7772\" srcset=\"https:\/\/www.hameaualbert.fr\/wp-content\/uploads\/2026\/08\/hameau-albert-1er-juin-2023-salle-gastro-@M-Cellard-7-2000x981.jpg 2000w, https:\/\/www.hameaualbert.fr\/wp-content\/uploads\/2026\/08\/hameau-albert-1er-juin-2023-salle-gastro-@M-Cellard-7-1536x753.jpg 1536w, https:\/\/www.hameaualbert.fr\/wp-content\/uploads\/2026\/08\/hameau-albert-1er-juin-2023-salle-gastro-@M-Cellard-7-1000x490.jpg 1000w, https:\/\/www.hameaualbert.fr\/wp-content\/uploads\/2026\/08\/hameau-albert-1er-juin-2023-salle-gastro-@M-Cellard-7-2048x1004.jpg 2048w, https:\/\/www.hameaualbert.fr\/wp-content\/uploads\/2026\/08\/hameau-albert-1er-juin-2023-salle-gastro-@M-Cellard-7-767x376.jpg 767w, https:\/\/www.hameaualbert.fr\/wp-content\/uploads\/2026\/08\/hameau-albert-1er-juin-2023-salle-gastro-@M-Cellard-7-600x294.jpg 600w\" sizes=\"(max-width: 2000px) 100vw, 2000px\" \/><\/figure>\n\n\n\n<h1 class=\"wp-block-heading\">Un Dimanche \u00e9toil\u00e9 pour la f\u00eate des m\u00e8res : D\u00e9jeuner du Dimanche 25 Mai\u00a0<\/h1>\n\n\n\n<p class=\"wp-block-paragraph\">Pour c\u00e9l\u00e9brer cette journ\u00e9e d\u00e9di\u00e9e aux mamans, le Chef&nbsp;<strong>Damien Leveau<\/strong>&nbsp;proposera un menu unique, imagin\u00e9 autour de produits de saison soigneusement s\u00e9lectionn\u00e9s aupr\u00e8s de producteurs locaux. Une cuisine exigeante et sinc\u00e8re, o\u00f9 chaque ingr\u00e9dient est mis en valeur avec pr\u00e9cision et sensibilit\u00e9.<\/p>\n\n\n\n<p class=\"wp-block-paragraph\">\u00c0 ses c\u00f4t\u00e9s, le chef p\u00e2tissier&nbsp;<strong>Valentin Garnier<\/strong>&nbsp;apportera sa touche audacieuse, sa curiosit\u00e9 de l\u2019improbable et du d\u00e9licieux, avec ses accords qui intriguent et enchantent.<\/p>\n\n\n\n<p class=\"has-text-align-center wp-block-paragraph\"><strong>Menu \u00e0 157 \u20ac par personne<\/strong><\/p>\n\n\n\n<p class=\"has-text-align-center wp-block-paragraph\"><br>La p\u00eache du L\u00e9man &#8211; selon arrivage<br><em>ou<\/em><br>La Langoustine de nos c\u00f4tes<\/p>\n\n\n\n<p class=\"has-text-align-center wp-block-paragraph\">Omble chevalier de Morgex<br><em>ou<\/em><br>P\u00eache de ligne de nos c\u00f4tes &#8211; selon arrivage<\/p>\n\n\n\n<p class=\"has-text-align-center wp-block-paragraph\">Poularde de la Ferme d&rsquo; Alice<br><em>ou<\/em><br>Agneau de lait des Pyr\u00e9n\u00e9es<\/p>\n\n\n\n<p class=\"has-text-align-center wp-block-paragraph\">Les Fromages frais et affin\u00e9s<\/p>\n\n\n\n<p class=\"has-text-align-center wp-block-paragraph\">Pr\u00e9-dessert<\/p>\n\n\n\n<p class=\"has-text-align-center wp-block-paragraph\">Carte des desserts<\/p>\n\n\n\n<p class=\"has-text-align-center wp-block-paragraph\"><em>Le Menu l\u2019Appel des Cimes sera \u00e9galement propos\u00e9 pour le d\u00e9jeuner du 25 Mai.<\/em><\/p>\n\n\n\n<figure class=\"wp-block-image size-full\"><img decoding=\"async\" width=\"1961\" height=\"1307\" src=\"https:\/\/www.hameaualbert.fr\/wp-content\/uploads\/2026\/08\/hameau-albert-1er-juin-2023-reportage-cuisine-14.jpg\" alt=\"\" class=\"wp-image-7773\" srcset=\"https:\/\/www.hameaualbert.fr\/wp-content\/uploads\/2026\/08\/hameau-albert-1er-juin-2023-reportage-cuisine-14.jpg 1961w, https:\/\/www.hameaualbert.fr\/wp-content\/uploads\/2026\/08\/hameau-albert-1er-juin-2023-reportage-cuisine-14-1536x1024.jpg 1536w, https:\/\/www.hameaualbert.fr\/wp-content\/uploads\/2026\/08\/hameau-albert-1er-juin-2023-reportage-cuisine-14-767x511.jpg 767w, https:\/\/www.hameaualbert.fr\/wp-content\/uploads\/2026\/08\/hameau-albert-1er-juin-2023-reportage-cuisine-14-1000x666.jpg 1000w, https:\/\/www.hameaualbert.fr\/wp-content\/uploads\/2026\/08\/hameau-albert-1er-juin-2023-reportage-cuisine-14-599x399.jpg 599w\" sizes=\"(max-width: 1961px) 100vw, 1961px\" \/><\/figure>\n\n\n\n<h2 class=\"wp-block-heading\">Une salle de restaurant qui laisse sensiblement transpara\u00eetre la haute montagne<\/h2>\n\n\n\n<p class=\"wp-block-paragraph\">Dirig\u00e9e par&nbsp;<strong>Raquel Ramos M\u00e9rida<\/strong>, l\u2019\u00e9quipe du restaurant vous offre un service discret, sinc\u00e8re et professionnel, dans un cadre o\u00f9 chaque d\u00e9tail est pens\u00e9 pour affirmer l\u2019identit\u00e9 de notre lieu.<br><br>Par le choix des couleurs et des mat\u00e9riaux, l\u2019\u00e9pure est de mise pour laisser le regard se concentrer sur l\u2019 assiette. Les bleus, les gris, les argents et dor\u00e9s vous sugg\u00e8rent une course alpine alors que la c\u00e9ramique est fabriqu\u00e9e par&nbsp;<a href=\"https:\/\/www.ballauriofficine.com\/\" target=\"_blank\" rel=\"noopener\">Cecile Ballauri<\/a>, guide de haute montagne, le couteau est fa\u00e7onn\u00e9 par&nbsp;<a href=\"https:\/\/www.coutelleriedesglaciers.com\/\" target=\"_blank\" rel=\"noopener\">J\u00e9rome Lepretre<\/a>, ancien chef de cuisine, essentiellement avec les bois de notre vall\u00e9e.<\/p>\n\n\n\n<p class=\"wp-block-paragraph\"><br>Pour compl\u00e9ter le voyage, notre sommelier&nbsp;<strong>Youri Greffe<\/strong>&nbsp;vous conseillera avec justesse partis les 1000 r\u00e9f\u00e9rences de notre cave.<\/p>\n\n\n\n<p class=\"wp-block-paragraph\"><br>Laissez-nous vous surprendre !&nbsp;<\/p>\n\n\n\n<p class=\"wp-block-paragraph\"><br><em>Chaque d\u00e9tail a \u00e9t\u00e9 pens\u00e9 pour offrir une exp\u00e9rience o\u00f9 confort et esth\u00e9tisme se r\u00e9pondent avec justesse.&nbsp;<\/em><\/p>\n\n\n\n<figure class=\"wp-block-image aligncenter size-full is-resized\"><img decoding=\"async\" width=\"480\" height=\"320\" src=\"https:\/\/www.hameaualbert.fr\/wp-content\/uploads\/2026\/08\/hameau-albert-1er-juin-2023-salle-gastro-25.jpg\" alt=\"\" class=\"wp-image-7775\" style=\"width:599px;height:auto\"\/><\/figure>\n\n\n\n<p class=\"has-text-align-center wp-block-paragraph\"><strong>Ce d\u00e9jeuner du 25 Mai<\/strong>&nbsp;sera l\u2019occasion de partager un moment privil\u00e9gi\u00e9 en famille, dans un cadre exceptionnel, port\u00e9 par une \u00e9quipe attentive et passionn\u00e9e.<\/p>\n\n\n\n<h4 class=\"wp-block-heading\"><br><a href=\"https:\/\/www.hameaualbert.fr\/fr\/contact\">R\u00e9servez votre table&nbsp;<\/a><\/h4>\n\n\n\n<p class=\"wp-block-paragraph\"><\/p>\n","protected":false},"excerpt":{"rendered":"<p>\u00c0 l\u2019occasion de la f\u00eate des m\u00e8res, le\u00a0restaurant gastronomique \u00e9toil\u00e9 Albert 1er, au c\u0153ur du Hameau Albert 1er \u2013 Relais &amp; Ch\u00e2teaux \u00e0 Chamonix, ouvre exceptionnellement ses portes pour le d\u00e9jeuner, le Dimanche 25 mai. Un Dimanche \u00e9toil\u00e9 pour la f\u00eate des m\u00e8res : D\u00e9jeuner du Dimanche 25 Mai\u00a0 Pour c\u00e9l\u00e9brer cette journ\u00e9e d\u00e9di\u00e9e aux [&hellip;]<\/p>\n","protected":false},"author":9,"featured_media":7775,"comment_status":"open","ping_status":"open","sticky":false,"template":"","format":"standard","meta":{"_acf_changed":false,"footnotes":""},"categories":[30],"tags":[45],"class_list":["post-7771","post","type-post","status-publish","format-standard","has-post-thumbnail","hentry","category-restaurant-1","tag-article"],"acf":[],"_links":{"self":[{"href":"https:\/\/www.hameaualbert.fr\/fr\/wp-json\/wp\/v2\/posts\/7771","targetHints":{"allow":["GET"]}}],"collection":[{"href":"https:\/\/www.hameaualbert.fr\/fr\/wp-json\/wp\/v2\/posts"}],"about":[{"href":"https:\/\/www.hameaualbert.fr\/fr\/wp-json\/wp\/v2\/types\/post"}],"author":[{"embeddable":true,"href":"https:\/\/www.hameaualbert.fr\/fr\/wp-json\/wp\/v2\/users\/9"}],"replies":[{"embeddable":true,"href":"https:\/\/www.hameaualbert.fr\/fr\/wp-json\/wp\/v2\/comments?post=7771"}],"version-history":[{"count":0,"href":"https:\/\/www.hameaualbert.fr\/fr\/wp-json\/wp\/v2\/posts\/7771\/revisions"}],"wp:featuredmedia":[{"embeddable":true,"href":"https:\/\/www.hameaualbert.fr\/fr\/wp-json\/wp\/v2\/media\/7775"}],"wp:attachment":[{"href":"https:\/\/www.hameaualbert.fr\/fr\/wp-json\/wp\/v2\/media?parent=7771"}],"wp:term":[{"taxonomy":"category","embeddable":true,"href":"https:\/\/www.hameaualbert.fr\/fr\/wp-json\/wp\/v2\/categories?post=7771"},{"taxonomy":"post_tag","embeddable":true,"href":"https:\/\/www.hameaualbert.fr\/fr\/wp-json\/wp\/v2\/tags?post=7771"}],"curies":[{"name":"wp","href":"https:\/\/api.w.org\/{rel}","templated":true}]}}